{"id":6893,"date":"2022-11-10T15:53:25","date_gmt":"2022-11-10T18:53:25","guid":{"rendered":"https:\/\/ead.pol.una.py\/sitio\/?p=6893"},"modified":"2022-11-10T15:56:08","modified_gmt":"2022-11-10T18:56:08","slug":"6893","status":"publish","type":"post","link":"https:\/\/ead.pol.una.py\/sitio\/index.php\/2022\/11\/10\/6893\/","title":{"rendered":"Educaci\u00f3n a Distancia de la FP-UNA presente en exposiciones internacionales"},"content":{"rendered":"<div class=\"xdj266r x11i5rnm xat24cr x1mh8g0r x1vvkbs x126k92a\"><\/div>\n<div class=\"x11i5rnm xat24cr x1mh8g0r x1vvkbs xtlvy1s x126k92a\">\n<div dir=\"auto\">El Departamento de Educaci\u00f3n a Distancia de la FP-UNA, a trav\u00e9s de su directora, Carla Decoud marc\u00f3 presencia en el XII Encuentro Cient\u00edfico Internacional Da Braz Cubas (Brasil) para moderar en mesas redondas relacionadas al tema \u201cEducaci\u00f3n en L\u00ednea\u201d.<\/div>\n<\/div>\n<div class=\"x11i5rnm xat24cr x1mh8g0r x1vvkbs xtlvy1s x126k92a\">\n<div dir=\"auto\">Por otro lado, particip\u00f3 como disertante sobre \u201cRetos de la pedagog\u00eda: la formaci\u00f3n integral y transformadora\u201d, en el marco de la celebraci\u00f3n del 42 aniversario de la Universidad Veracruzana de M\u00e9xico.<\/div>\n<div dir=\"auto\"><\/div>\n<\/div>\n<div class=\"x11i5rnm xat24cr x1mh8g0r x1vvkbs xtlvy1s x126k92a\">\n<div dir=\"auto\">Ambas actividades se desarrollaron en forma virtual en el mes de octubre.<\/div>\n<\/div>\n","protected":false},"excerpt":{"rendered":"<p>El Departamento de Educaci\u00f3n a Distancia de la FP-UNA, a trav\u00e9s de su directora, Carla&#46;&#46;&#46;<\/p>\n","protected":false},"author":5,"featured_media":6894,"comment_status":"closed","ping_status":"open","sticky":false,"template":"","format":"standard","meta":{"footnotes":""},"categories":[1],"tags":[],"class_list":["post-6893","post","type-post","status-publish","format-standard","has-post-thumbnail","hentry","category-noticias"],"_links":{"self":[{"href":"https:\/\/ead.pol.una.py\/sitio\/index.php\/wp-json\/wp\/v2\/posts\/6893","targetHints":{"allow":["GET"]}}],"collection":[{"href":"https:\/\/ead.pol.una.py\/sitio\/index.php\/wp-json\/wp\/v2\/posts"}],"about":[{"href":"https:\/\/ead.pol.una.py\/sitio\/index.php\/wp-json\/wp\/v2\/types\/post"}],"author":[{"embeddable":true,"href":"https:\/\/ead.pol.una.py\/sitio\/index.php\/wp-json\/wp\/v2\/users\/5"}],"replies":[{"embeddable":true,"href":"https:\/\/ead.pol.una.py\/sitio\/index.php\/wp-json\/wp\/v2\/comments?post=6893"}],"version-history":[{"count":2,"href":"https:\/\/ead.pol.una.py\/sitio\/index.php\/wp-json\/wp\/v2\/posts\/6893\/revisions"}],"predecessor-version":[{"id":6896,"href":"https:\/\/ead.pol.una.py\/sitio\/index.php\/wp-json\/wp\/v2\/posts\/6893\/revisions\/6896"}],"wp:featuredmedia":[{"embeddable":true,"href":"https:\/\/ead.pol.una.py\/sitio\/index.php\/wp-json\/wp\/v2\/media\/6894"}],"wp:attachment":[{"href":"https:\/\/ead.pol.una.py\/sitio\/index.php\/wp-json\/wp\/v2\/media?parent=6893"}],"wp:term":[{"taxonomy":"category","embeddable":true,"href":"https:\/\/ead.pol.una.py\/sitio\/index.php\/wp-json\/wp\/v2\/categories?post=6893"},{"taxonomy":"post_tag","embeddable":true,"href":"https:\/\/ead.pol.una.py\/sitio\/index.php\/wp-json\/wp\/v2\/tags?post=6893"}],"curies":[{"name":"wp","href":"https:\/\/api.w.org\/{rel}","templated":true}]}}